{"id":7626,"date":"2024-04-16T09:00:14","date_gmt":"2024-04-16T09:00:14","guid":{"rendered":"https:\/\/marinbasim.com\/?p=7626"},"modified":"2024-04-30T13:20:56","modified_gmt":"2024-04-30T13:20:56","slug":"whats-the-difference-between-stock-packaging-and-custom-packaging-2","status":"publish","type":"post","link":"https:\/\/marinbasim.com\/tr\/2024\/04\/16\/whats-the-difference-between-stock-packaging-and-custom-packaging-2\/","title":{"rendered":"Sosyal Sorumluluk Politikas\u0131"},"content":{"rendered":"<div data-elementor-type=\"wp-post\" data-elementor-id=\"7626\" class=\"elementor elementor-7626\">\n\t\t\t\t        <section class=\"elementor-section elementor-top-section elementor-element elementor-element-3b1b5012 elementor-section-boxed elementor-section-height-default elementor-section-height-default ct-header-fixed-none\" data-id=\"3b1b5012\" data-element_type=\"section\" data-e-type=\"section\">\n            \n                        <div class=\"elementor-container elementor-column-gap-default\">\n                    <div class=\"elementor-column elementor-col-100 elementor-top-column elementor-element elementor-element-3d4503c1\" data-id=\"3d4503c1\" data-element_type=\"column\" data-e-type=\"column\">\n        <div class=\"elementor-widget-wrap elementor-element-populated\">\n                    \n        \t\t<div class=\"elementor-element elementor-element-4b5b1d0c elementor-widget elementor-widget-text-editor\" data-id=\"4b5b1d0c\" data-element_type=\"widget\" data-e-type=\"widget\" data-widget_type=\"text-editor.default\">\n\t\t\t\t<div class=\"elementor-widget-container\">\n\t\t\t\t\t\t\t\t\tMarin Bas\u0131m ve Ambalaj Sanayi olarak \u00e7al\u0131\u015fanlar\u0131m\u0131z, m\u00fc\u015fterilerimiz ve tedarik\u00e7ilerimizle birlikte faaliyetlerimizi \u00e7a\u011f\u0131n gerekleri, d\u00fcr\u00fcstl\u00fck ve g\u00fcven i\u00e7inde s\u00fcrd\u00fcrmeyi hedeflemekteyiz.  Toplum bilinci ile \u00fcretim tesisimizde t\u00fcm i\u015f ortaklar\u0131m\u0131za \u015firket politikam\u0131z\u0131 sunmakta \u00f6ncelikle yasalar\u0131m\u0131za, m\u00fc\u015fterilerimizin \u00fcretim prosed\u00fcrlerine ve sosyal standartlara uygun olarak \u00e7al\u0131\u015fmakta ve onlar\u0131 bu anlay\u0131\u015fa ortak olmaya davet etmekteyiz.\n\n\u015eirket politikam\u0131z a\u015fa\u011f\u0131da belirtilmi\u015f kriterleri i\u00e7ermektedir;\n\n\u00bb \u00c7al\u0131\u015fma ya\u015f\u0131 yasalar\u0131n belirledi\u011fi gibi olup, \u00e7ocuk i\u015f\u00e7i \u00e7al\u0131\u015ft\u0131r\u0131lmas\u0131na m\u00fcsaade edilmemekte ve desteklenmemektedir.\n\u00bb \u015eirket \u00e7al\u0131\u015fanlar\u0131n\u0131 hi\u00e7bir konuda bask\u0131 alt\u0131nda \u00e7al\u0131\u015ft\u0131rmamaktad\u0131r. T\u00fcm \u00e7al\u0131\u015fanlar e\u015fit \u015fartlar alt\u0131nda kendi r\u0131zalar\u0131 ile uygun pozisyonlarda istihdam edilmektedir.\n\u00bb T\u00fcm \u00e7al\u0131\u015fanlar\u0131n\u0131n sa\u011fl\u0131\u011f\u0131 ve g\u00fcvenli\u011fi i\u00e7in yasal gereklilikleri yerine getirmekte, personelin t\u00fcm sa\u011fl\u0131k ve g\u00fcvenlik risklerini \u00f6nlemek i\u00e7in gerekli tedbirleri almakta ve e\u011fitim olanaklar\u0131 ile geli\u015fimlerini destekleyip i\u015f sa\u011fl\u0131\u011f\u0131 ve g\u00fcvenli\u011fini sa\u011flamaktad\u0131r.\n\u00bb \u00c7al\u0131\u015fanlar\u0131m\u0131z\u0131n \u00e7al\u0131\u015fma ortam\u0131 yeterli donan\u0131ma sahip olup, temel ihtiya\u00e7lar\u0131n\u0131 hijyenik ko\u015fullarda sa\u011flamalar\u0131 i\u00e7in her t\u00fcrl\u00fc imkan sunulmaktad\u0131r.\n\u00bb \u00c7al\u0131\u015fanlar\u0131m\u0131z\u0131n her t\u00fcrl\u00fc \u00f6zg\u00fcrl\u00fc\u011f\u00fc oldu\u011fu gibi toplu s\u00f6zle\u015fme ve birlik kurma konusunda da \u00f6zg\u00fcrd\u00fcr.\n\u00bb \u00c7al\u0131\u015fanlar\u0131m\u0131z fikir, inan\u00e7 \u00f6zg\u00fcrl\u00fc\u011f\u00fcne sahip olup, kimseye dil, din, \u0131rk, cinsiyet, sosyal s\u0131n\u0131f, ya\u015f ve birlik \u00fcyeli\u011fi gibi konularda ayr\u0131mc\u0131l\u0131k uygulanmamaktad\u0131r.\n\u00bb \u00c7al\u0131\u015fma saatlerini yasalar\u0131n \u00f6ng\u00f6rd\u00fc\u011f\u00fc \u015fekilde d\u00fczenlemekte, d\u00fczenli olarak fazla mesaiyi yapmamakta ve \u00e7al\u0131\u015fanlar\u0131na haftada bir g\u00fcn izin vermektedir.\n\u00bb \u00dccret politikas\u0131 \u00e7al\u0131\u015fanlar\u0131m\u0131z\u0131n bilgi ve becerilerine g\u00f6re de\u011ferlendirilmekte ve asgari \u00fccretin alt\u0131nda \u00f6deme yap\u0131lmamaktad\u0131r.\n\u00bb \u00c7al\u0131\u015fanlar\u0131m\u0131z istek ve \u015fik\u00e2yetlerini i\u015f\u00e7i temsilcileri vas\u0131tas\u0131 ile y\u00f6netime bildirmekte ve bu konular\u0131n \u00e7\u00f6z\u00fcmleri y\u00f6netim taraf\u0131ndan analiz edilerek sonu\u00e7land\u0131r\u0131lmaktad\u0131r.\n\u00bb Hi\u00e7bir \u00e7al\u0131\u015fan\u0131m\u0131z fiziki veya maddi disiplin kurallar\u0131nca disipline edilmemekte, \u00e7al\u0131\u015fanlar\u0131m\u0131z\u0131n geli\u015fimi e\u011fitimler ve talimatlar ile sa\u011flanmaktad\u0131r.\n\u00bb \u00c7evre kirlenmesine ve do\u011fan\u0131n korunmas\u0131na kar\u015f\u0131 sosyal sorumlulu\u011funu yerine getirmekte ve \u00e7al\u0131\u015fanlar\u0131n\u0131 bu konuda bilin\u00e7lendirmektedir.\n\u00bb \u015eirket politikas\u0131ndaki t\u00fcm kriterleri sosyal y\u00f6netim ve kalite y\u00f6netim sistemleri ile kontrol alt\u0131na almakta ve \u00e7a\u011fda\u015f bir y\u00f6netim sistemi ile y\u00f6netmekte, faaliyetlerini s\u00fcrd\u00fcrmeyi t\u00fcm tedarik\u00e7ileri ve i\u015f ortaklar\u0131 ile birlikte hedeflemektedir.\n\n\nMehmet Kervan\nY\u00f6netim Kurulu Ba\u015fkan\u0131\n\t\t\t\t\t\t\t\t<\/div>\n\t\t\t\t<\/div>\n\t\t            <\/div>\n        <\/div>\n                    <\/div>\n        <\/section>\n        \t\t<\/div>","protected":false},"excerpt":{"rendered":"<p>As a app web crawler expert, help organizations adjust to the of the internet promoting. Far away, behind the word.<\/p>","protected":false},"author":4,"featured_media":7200,"comment_status":"closed","ping_status":"closed","sticky":false,"template":"","format":"standard","meta":{"footnotes":""},"categories":[51],"tags":[52,53],"class_list":["post-7626","post","type-post","status-publish","format-standard","has-post-thumbnail","hentry","category-packaging","tag-custom-packaging","tag-stock-packaging"],"_links":{"self":[{"href":"https:\/\/marinbasim.com\/tr\/wp-json\/wp\/v2\/posts\/7626","targetHints":{"allow":["GET"]}}],"collection":[{"href":"https:\/\/marinbasim.com\/tr\/wp-json\/wp\/v2\/posts"}],"about":[{"href":"https:\/\/marinbasim.com\/tr\/wp-json\/wp\/v2\/types\/post"}],"author":[{"embeddable":true,"href":"https:\/\/marinbasim.com\/tr\/wp-json\/wp\/v2\/users\/4"}],"replies":[{"embeddable":true,"href":"https:\/\/marinbasim.com\/tr\/wp-json\/wp\/v2\/comments?post=7626"}],"version-history":[{"count":17,"href":"https:\/\/marinbasim.com\/tr\/wp-json\/wp\/v2\/posts\/7626\/revisions"}],"predecessor-version":[{"id":7667,"href":"https:\/\/marinbasim.com\/tr\/wp-json\/wp\/v2\/posts\/7626\/revisions\/7667"}],"wp:featuredmedia":[{"embeddable":true,"href":"https:\/\/marinbasim.com\/tr\/wp-json\/wp\/v2\/media\/7200"}],"wp:attachment":[{"href":"https:\/\/marinbasim.com\/tr\/wp-json\/wp\/v2\/media?parent=7626"}],"wp:term":[{"taxonomy":"category","embeddable":true,"href":"https:\/\/marinbasim.com\/tr\/wp-json\/wp\/v2\/categories?post=7626"},{"taxonomy":"post_tag","embeddable":true,"href":"https:\/\/marinbasim.com\/tr\/wp-json\/wp\/v2\/tags?post=7626"}],"curies":[{"name":"wp","href":"https:\/\/api.w.org\/{rel}","templated":true}]}}